{"id":3878,"date":"2022-03-08T17:41:42","date_gmt":"2022-03-08T22:41:42","guid":{"rendered":"https:\/\/cirucredito.com\/noticias\/?p=3878"},"modified":"2026-01-19T12:49:38","modified_gmt":"2026-01-19T17:49:38","slug":"dia-internacional-de-la-mujer-en-colombia-origen-significado-y-por-que-se-celebra-el-8-de-marzo","status":"publish","type":"post","link":"https:\/\/cirucredito.com\/noticias\/2022\/03\/08\/dia-internacional-de-la-mujer-en-colombia-origen-significado-y-por-que-se-celebra-el-8-de-marzo\/","title":{"rendered":"D\u00eda Internacional de la Mujer en Colombia: origen, significado y por qu\u00e9 se celebra el 8 de marzo"},"content":{"rendered":"<p>El 8 de marzo de cada a\u00f1o se conmemora en casi todos los pa\u00edses del mundo\u00a0<strong>la lucha de la mujer en pro de la igualdad, la justicia, la paz y el desarrollo<\/strong>,\u00a0<a title=\"Consultar comunicado de la ONU.\" href=\"https:\/\/www.unwomen.org\/es\/noticias\/en-la-mira\/2022\/03\/en-la-mira-dia-internacional-de-la-mujer-20\" target=\"_blank\" rel=\"noopener\">en el marco del D\u00eda Internacional de la Mujer<\/a>. A pesar de las diferencias \u00e9tnicas, ling\u00fc\u00edsticas, culturales, econ\u00f3micas y pol\u00edticas, millones de ciudadanas de todos los continentes\u00a0<strong>se re\u00fanen para exigir de manera un\u00e1nime m\u00e1s participaci\u00f3n de la mujer en la sociedad.<\/strong><\/p>\n<p>Aunque la lucha de millones de personas ha servido para avanzar en un mundo con mayor igualdad de condiciones para los hombres y las mujeres, por medio de diferentes informes publicados por la Organizaci\u00f3n de Naciones Unidas (ONU), y otras instituciones internacionales,\u00a0<strong>se evidencia que las mujeres siguen estando por debajo de los varones en todos los indicadores de desarrollo sostenible.<\/strong><\/p>\n<div id=\"gtp_diarioas_19753-INTEXT\"><\/div>\n<p>De acuerdo con la ONU, debido a la desigualdad de g\u00e9nero las mujeres tienen\u00a0<strong>menos acceso a los servicios sociales b\u00e1sicos, tienen m\u00e1s probabilidad de no tener comida, ganan menos dinero que los hombres por el mismo trabajo y consiguen trabajos de menor jerarqu\u00eda.<\/strong>\u00a0Adem\u00e1s, en pleno siglo XXI miles de mujeres a\u00fan no pueden elegir esposo y cada 2 segundos una ni\u00f1a es forzada a matrimonio infantil. Por lo que esta conmemoraci\u00f3n sigue siendo sin\u00f3nimo de lucha.<\/p>\n<h3><strong>Origen y significado del D\u00eda Internacional de la Mujer<\/strong><\/h3>\n<p>Para hablar del origen del D\u00eda Internacional de la Mujer tenemos que remontaros a 1910, a\u00f1o en el que se realiz\u00f3 en Copenhague, Dinamarca,\u00a0<a title=\"Ver publicaci\u00f3n sobre D\u00eda de la Mujer.\" href=\"https:\/\/twitter.com\/susanavilats\/status\/1365809621160652801\" target=\"_blank\" rel=\"noopener\">la Segunda Conferencia Internacional de Mujeres Socialistas<\/a>. En este encuentro cientos de participantes de 17 pa\u00edses decidieron organizar anualmente\u00a0<strong>una jornada de la mujer con la finalidad de exigir el derecho al trabajo, a la formaci\u00f3n profesional, a la no discriminaci\u00f3n laboral y para reforzar su lucha por obtener el sufragio femenino universal.<\/strong><\/p>\n<p>Un a\u00f1o despu\u00e9s, el 19 de marzo, se celebra el D\u00eda Internacional de la Mujer en numerosos pa\u00edses europeos y en Estados Unidos, en conmemoraci\u00f3n de la Revoluci\u00f3n de 1848 y de la Comuna de Par\u00eds. En 1913, en v\u00edsperas de la Primera Guerra Mundial, miles de mujeres de Europa\u00a0<strong>comienzan a celebrar m\u00edtines clandestinos en torno al 8 de marzo del a\u00f1o siguiente para protestar por la guerra o para solidarizarse con el resto de mujeres.<\/strong><\/p>\n<p>Tras la Segunda Guerra Mundial, el 8 de marzo comenz\u00f3 a festejarse en muchos pa\u00edses del mundo esta importante celebraci\u00f3n. No obstante, es hasta 1975 que la ONU conmemora por primera vez esta fecha y da paso\u00a0<strong>para que en 1977 se proclame oficialmente el D\u00eda Internacional de la Mujer.<\/strong>\u00a0A\u00f1os m\u00e1s tarde, en 1995, se aprueba la Declaraci\u00f3n y la Plataforma de Beijing, una hoja de ruta firmada por 189 gobiernos,\u00a0<strong>que establece la agenda para la materializaci\u00f3n de los derechos de las mujeres.<\/strong><\/p>\n<h3><strong>D\u00eda Internacional de la Mujer en Colombia<\/strong><\/h3>\n<p><strong>Desde que la ONU inform\u00f3 sobre el D\u00eda Internacional de la Mujer, en Colombia y varios pa\u00edses de la regi\u00f3n se conmemora esta fecha.<\/strong>\u00a0El 8 de marzo es feriado en pa\u00edses como Afganist\u00e1n, Alemania, Armenia, Azerbaiy\u00e1n, Bielorrusia, Camboya, China, Cuba, Kazajist\u00e1n, Madagascar, Mongolia, Nepal, Rusia, Ucrania, Uganda, Vietnam, entre otros.<\/p>\n<p>Este a\u00f1o el llamado de Naciones Unidas es a\u00a0<strong>potenciar la igualdad de g\u00e9nero en el contexto de la crisis clim\u00e1tica y la reducci\u00f3n del riesgo de desastres como uno de los mayores desaf\u00edos mundiales.<\/strong>\u00a0\u00abLos problemas del cambio clim\u00e1tico y la sostenibilidad han tenido y seguir\u00e1n teniendo un impacto grave y duradero en nuestro medio ambiente y en el desarrollo econ\u00f3mico y social\u00bb, dice la entidad.<\/p>\n<p id=\"qmBgzwN5wK\">En ese sentido, la organizaci\u00f3n asegura que las mujeres son m\u00e1s vulnerables a los impactos del cambio clim\u00e1tico que los hombres, ya que constituyen la mayor\u00eda de los pobres del mundo y son m\u00e1s dependientes de los recursos naturales. Por esta raz\u00f3n,\u00a0<strong>el objetivo es empoderar a las mujeres a fin de que tengan voz y sean actores iguales en la toma de decisiones relacionadas con el cambio clim\u00e1tico y la sostenibilidad.<\/strong><\/p>\n<p><span style=\"color: #999999;\">tomado de https:\/\/colombia.as.com\/<\/span><\/p>\n","protected":false},"excerpt":{"rendered":"<p>El 8 de marzo de cada a\u00f1o se conmemora en casi todos los pa\u00edses del mundo\u00a0la lucha de la mujer en pro de la igualdad, la justicia, la paz y el desarrollo,\u00a0en el marco del D\u00eda Internacional de la Mujer. A pesar de las diferencias \u00e9tnicas, ling\u00fc\u00edsticas, culturales, econ\u00f3micas y pol\u00edticas, millones de ciudadanas de [&hellip;]<\/p>\n","protected":false},"author":1,"featured_media":3879,"comment_status":"closed","ping_status":"open","sticky":false,"template":"","format":"standard","meta":{"footnotes":""},"categories":[51],"tags":[80,54,81,45,70,181,82,182,83,84,180,148,47,183,85,199,184,86],"class_list":["post-3878","post","type-post","status-publish","format-standard","has-post-thumbnail","hentry","category-noticias","tag-cirugia","tag-cirugia-plastica","tag-cirugia-plastica-colombia","tag-cirugia-plastica-medellin","tag-cirugia-segura","tag-cirugiaplasticacolombia","tag-cirujano-plastico-daniel-correa","tag-cirujanocertificado","tag-cirujanos","tag-cirujanos-plasticos","tag-clinica-cep","tag-clinica-certificada","tag-clinica-especialistas-del-poblado","tag-clinicasvip","tag-estetica","tag-medicina-estetica","tag-paciente-feliz","tag-retoques-esteticos","entry"],"_links":{"self":[{"href":"https:\/\/cirucredito.com\/noticias\/wp-json\/wp\/v2\/posts\/3878","targetHints":{"allow":["GET"]}}],"collection":[{"href":"https:\/\/cirucredito.com\/noticias\/wp-json\/wp\/v2\/posts"}],"about":[{"href":"https:\/\/cirucredito.com\/noticias\/wp-json\/wp\/v2\/types\/post"}],"author":[{"embeddable":true,"href":"https:\/\/cirucredito.com\/noticias\/wp-json\/wp\/v2\/users\/1"}],"replies":[{"embeddable":true,"href":"https:\/\/cirucredito.com\/noticias\/wp-json\/wp\/v2\/comments?post=3878"}],"version-history":[{"count":1,"href":"https:\/\/cirucredito.com\/noticias\/wp-json\/wp\/v2\/posts\/3878\/revisions"}],"predecessor-version":[{"id":3880,"href":"https:\/\/cirucredito.com\/noticias\/wp-json\/wp\/v2\/posts\/3878\/revisions\/3880"}],"wp:featuredmedia":[{"embeddable":true,"href":"https:\/\/cirucredito.com\/noticias\/wp-json\/wp\/v2\/media\/3879"}],"wp:attachment":[{"href":"https:\/\/cirucredito.com\/noticias\/wp-json\/wp\/v2\/media?parent=3878"}],"wp:term":[{"taxonomy":"category","embeddable":true,"href":"https:\/\/cirucredito.com\/noticias\/wp-json\/wp\/v2\/categories?post=3878"},{"taxonomy":"post_tag","embeddable":true,"href":"https:\/\/cirucredito.com\/noticias\/wp-json\/wp\/v2\/tags?post=3878"}],"curies":[{"name":"wp","href":"https:\/\/api.w.org\/{rel}","templated":true}]}}