{"id":3639,"date":"2020-11-20T15:23:08","date_gmt":"2020-11-20T20:23:08","guid":{"rendered":"https:\/\/cirucredito.com\/noticias\/?p=3639"},"modified":"2020-11-20T15:23:08","modified_gmt":"2020-11-20T20:23:08","slug":"tight-sculpting-ultimo-tratamiento-para-unos-brazos-firmes-y-tonificados","status":"publish","type":"post","link":"https:\/\/cirucredito.com\/noticias\/2020\/11\/20\/tight-sculpting-ultimo-tratamiento-para-unos-brazos-firmes-y-tonificados\/","title":{"rendered":"Tight Sculpting, \u00faltimo tratamiento para unos brazos firmes y tonificados"},"content":{"rendered":"\n<p class=\"wp-block-paragraph\">Cristina \u00c1lvarez presenta este tratamiento que se realiza gracias al l\u00e1ser Fotona 4D, actuando tanto en las capas m\u00e1s superficiales como en las m\u00e1s profundas de la piel que consigue reducir, remodelar y reafirmar la piel.<\/p>\n\n\n\n<p class=\"wp-block-paragraph\">La&nbsp;<strong>parte posterior del brazo<\/strong>, la que corresponde concretamente al tr\u00edceps, sufre, sobre todo a partir de los 40, un&nbsp;<strong>descolgamiento<\/strong>&nbsp;al que vulgarmente se le conoce como \u2018ala de murci\u00e9lago\u2019.<\/p>\n\n\n\n<figure class=\"wp-block-image\"><a href=\"https:\/\/www.beautymed.es\/fotos\/22774_notbmed1grande.jpg\"><img decoding=\"async\" src=\"https:\/\/www.beautymed.es\/fotos\/22774_notbmed1grande.jpg\" alt=\"\"\/><\/a><\/figure>\n\n\n\n<p class=\"wp-block-paragraph\">\u201cEl problema a\u00f1adido con los brazos es que es dif\u00edcil de modelar, incluso con los cambios de peso, al contrario de lo que pasa con zonas m\u00e1s agradecidas como es la parte del abdomen o incluso de las caderas. El brazo es la parte m\u00e1s dif\u00edcil de tonificar, y aunque es m\u00e1s acusado en la edad adulta, a los j\u00f3venes tambi\u00e9n les ocurre\u201d, indica&nbsp;<strong>Cristina \u00c1lvarez<\/strong>, experta en est\u00e9tica y cofundadora de los centros que toman su nombre.<\/p>\n\n\n\n<h3 class=\"wp-block-heading\"><em>Tight Sculpting<\/em>: tratamiento que reduce, remodela y reafirma la piel<\/h3>\n\n\n\n<p class=\"wp-block-paragraph\">Esta novedad une&nbsp;<strong>remodelaci\u00f3n y reafirmaci\u00f3n de la piel<\/strong>&nbsp;a trav\u00e9s de una t\u00e9cnica no invasiva. Se realiza gracias a la nueva y avanzada tecnolog\u00eda del&nbsp;<strong>l\u00e1ser Fotona<\/strong>, primer tratamiento no invasivo que consigue en una misma sesi\u00f3n trabajar a un nivel profundo, reduciendo la grasa subcut\u00e1nea, y a nivel superficial, regenerando el col\u00e1geno y reafirmando la piel.<\/p>\n\n\n\n<p class=\"wp-block-paragraph\">Su funcionamiento se basa en&nbsp;<strong>varias longitudes de onda<\/strong>&nbsp;que se aplican de forma conjunta para poder actuar tanto en las capas m\u00e1s superficiales, hasta las estructuras medias e intermedias de la piel y pudiendo alcanzar las capas m\u00e1s profundas.Para complementar al tratamiento es fundamental optar por una dieta equilibrada, realizar ejercicio y aplicar cremas reafirmantes.<\/p>\n\n\n\n<p class=\"wp-block-paragraph\">Incorpora tambi\u00e9n el&nbsp;<strong><em>scanner Matrix View<\/em><\/strong>, gracias al cual se consigue garantizar la eficacia y el control de los tratamientos. El l\u00e1ser trabaja con una \u00fanica longitud de onda dual para esculpir y estirar la piel de, en este caso concreto, los brazos.<\/p>\n\n\n\n<p class=\"wp-block-paragraph\">Para completar los resultados obtenidos con el tratamiento, es indispensable el papel que juega la alimentaci\u00f3n. Incluir alimentos ricos en vitaminas, minerales y fibra, e incluir mucha prote\u00edna, es fundamental para&nbsp;<strong>nutrir y dar firmeza a la piel<\/strong>&nbsp;y la musculatura.<\/p>\n\n\n\n<p class=\"wp-block-paragraph\">Tambi\u00e9n&nbsp;<strong>es importante realizar ejercicio f\u00edsico<\/strong>&nbsp;e incorporar una rutina de ejercicios focalizados en el m\u00fasculo del tr\u00edceps que nos ayuden a luchar contra esa flacidez, que con el tiempo puede volver a aparecer.<\/p>\n\n\n\n<hr class=\"wp-block-separator is-style-wide\"\/>\n\n\n\n<p class=\"wp-block-paragraph\">Tomado de:&nbsp;<a href=\"https:\/\/eldiariodelpacifico.com\/tight-sculpting-ultimo-tratamiento-para-unos-brazos-firmes-y-tonificados\/\">www.eldiariodelpacifico.com<\/a><\/p>\n","protected":false},"excerpt":{"rendered":"<p>Cristina \u00c1lvarez presenta este tratamiento que se realiza gracias al l\u00e1ser Fotona 4D, actuando tanto en las capas m\u00e1s superficiales como en las m\u00e1s profundas de la piel que consigue reducir, remodelar y reafirmar la piel. La&nbsp;parte posterior del brazo, la que corresponde concretamente al tr\u00edceps, sufre, sobre todo a partir de los 40, un&nbsp;descolgamiento&nbsp;al [&hellip;]<\/p>\n","protected":false},"author":1,"featured_media":3640,"comment_status":"closed","ping_status":"open","sticky":false,"template":"","format":"standard","meta":{"footnotes":""},"categories":[51],"tags":[45,84,85,159,86],"class_list":["post-3639","post","type-post","status-publish","format-standard","has-post-thumbnail","hentry","category-noticias","tag-cirugia-plastica-medellin","tag-cirujanos-plasticos","tag-estetica","tag-noticias","tag-retoques-esteticos","entry"],"_links":{"self":[{"href":"https:\/\/cirucredito.com\/noticias\/wp-json\/wp\/v2\/posts\/3639","targetHints":{"allow":["GET"]}}],"collection":[{"href":"https:\/\/cirucredito.com\/noticias\/wp-json\/wp\/v2\/posts"}],"about":[{"href":"https:\/\/cirucredito.com\/noticias\/wp-json\/wp\/v2\/types\/post"}],"author":[{"embeddable":true,"href":"https:\/\/cirucredito.com\/noticias\/wp-json\/wp\/v2\/users\/1"}],"replies":[{"embeddable":true,"href":"https:\/\/cirucredito.com\/noticias\/wp-json\/wp\/v2\/comments?post=3639"}],"version-history":[{"count":1,"href":"https:\/\/cirucredito.com\/noticias\/wp-json\/wp\/v2\/posts\/3639\/revisions"}],"predecessor-version":[{"id":3641,"href":"https:\/\/cirucredito.com\/noticias\/wp-json\/wp\/v2\/posts\/3639\/revisions\/3641"}],"wp:featuredmedia":[{"embeddable":true,"href":"https:\/\/cirucredito.com\/noticias\/wp-json\/wp\/v2\/media\/3640"}],"wp:attachment":[{"href":"https:\/\/cirucredito.com\/noticias\/wp-json\/wp\/v2\/media?parent=3639"}],"wp:term":[{"taxonomy":"category","embeddable":true,"href":"https:\/\/cirucredito.com\/noticias\/wp-json\/wp\/v2\/categories?post=3639"},{"taxonomy":"post_tag","embeddable":true,"href":"https:\/\/cirucredito.com\/noticias\/wp-json\/wp\/v2\/tags?post=3639"}],"curies":[{"name":"wp","href":"https:\/\/api.w.org\/{rel}","templated":true}]}}