{"id":3596,"date":"2020-10-01T08:37:47","date_gmt":"2020-10-01T13:37:47","guid":{"rendered":"https:\/\/cirucredito.com\/noticias\/?p=3596"},"modified":"2020-10-02T12:35:44","modified_gmt":"2020-10-02T17:35:44","slug":"que-es-la-celulitis","status":"publish","type":"post","link":"https:\/\/cirucredito.com\/noticias\/2020\/10\/01\/que-es-la-celulitis\/","title":{"rendered":"\u00bfQU\u00c9 ES LA CELULITIS?"},"content":{"rendered":"\n<p class=\"wp-block-paragraph\">La celulitis es&nbsp;<strong>un problema del tejido subcut\u00e1neo que afecta casi al 90% de las mujeres<\/strong>, aunque tambi\u00e9n a algunos hombres. Contrariamente a lo que se piensa,&nbsp;<strong>no siempre est\u00e1 asociada a un exceso de peso<\/strong>, en ocasiones es hereditaria, y las personas delgadas pueden sufrirla.<\/p>\n\n\n\n<div class=\"wp-block-image\"><figure class=\"alignleft is-resized\"><img decoding=\"async\" src=\"https:\/\/www.sabervivirtv.com\/medio\/2020\/07\/03\/celulitis-ficha_287ce6ae_1280x720.jpg\" alt=\"Celulitis\" width=\"252\" height=\"141\"\/><\/figure><\/div>\n\n\n\n<p class=\"wp-block-paragraph\">Se trata de una enfermedad que afecta a la&nbsp;<em>hipodermis<\/em>,&nbsp;<strong>la capa m\u00e1s profunda de las tres que forman la piel<\/strong>. Aqu\u00ed es donde se acumulan&nbsp;<strong>los adipocitos, unas c\u00e9lulas que se encargan de almacenar grasa<\/strong>&nbsp;para regular la temperatura del cuerpo y evitar que se lesionen los \u00f3rganos internos si se recibe un fuerte golpe.<\/p>\n\n\n\n<ul class=\"wp-block-list\"><li><strong>Cuando las c\u00e9lulas grasas se acumulan<\/strong>, aumentan de tama\u00f1o y empujan al resto de las capas de la piel haciendo que se&nbsp;<strong>formen peque\u00f1os bultitos u hoyuelos.<\/strong>&nbsp;Es cuando aparece la celuliltis o la llamada piel de naranja<em>.<\/em><\/li><\/ul>\n\n\n\n<h4 class=\"wp-block-heading\" id=\"cke_1_anchor_1\"><strong>CAUSAS DE LA CELULITIS<\/strong><\/h4>\n\n\n\n<p class=\"wp-block-paragraph\">Los factores que influyen en la aparici\u00f3n de celulitis son varios:<\/p>\n\n\n\n<ul class=\"wp-block-list\"><li>Una&nbsp;<strong>mala circulaci\u00f3n<\/strong>.<\/li><li>Una&nbsp;<strong>alimentaci\u00f3n<\/strong>&nbsp;poco equilibrada.<\/li><li>Problemas&nbsp;<strong>hormonales<\/strong>.<\/li><li>Falta de&nbsp;<strong>actividad f\u00edsica<\/strong>.<\/li><li><strong>La edad influye<\/strong>&nbsp;negativamente ya que, al cumplir a\u00f1os, la piel pierde elasticidad y se vuelva m\u00e1s fr\u00e1gil.<\/li><li><strong>La gen\u00e9tica<\/strong>&nbsp;puede predisponernos a tener m\u00e1s o menos celulitis.<\/li><\/ul>\n\n\n\n<h4 class=\"wp-block-heading\" id=\"cke_1_anchor_2\"><strong>TIPOS DE CELULITIS<\/strong><\/h4>\n\n\n\n<p class=\"wp-block-paragraph\">En estadios iniciales, la celulitis no se ve a simple vista, pero s\u00ed&nbsp;<strong>aparece cuando pellizcamos la piel en las zonas conflictivas<\/strong>: muslos, nalgas, tripa, cartucheras y parte superior de los brazos, es lo que se denomina&nbsp;<strong>celulitis localizada.<\/strong><\/p>\n\n\n\n<p class=\"wp-block-paragraph\"><strong>Visualizar los bultitos cubiertos por una piel acolchada<\/strong>, arrugada e irregular, sin necesidad de apretar el \u00e1rea para ello, es signo inequ\u00edvoco de&nbsp;<strong>celulitis avanzada.<\/strong><\/p>\n\n\n\n<p class=\"wp-block-paragraph\">A veces afecta al cuerpo de forma global, no s\u00f3lo a determinadas \u00e1reas concretas, es lo que se conoce como&nbsp;<strong>celulitis generalizada<\/strong>&nbsp;y suele verse en personas obesas que llevan una alimentaci\u00f3n desequilibrada.<\/p>\n\n\n\n<p class=\"wp-block-paragraph\">Pero&nbsp;<strong>la clasificaci\u00f3n m\u00e1s habitual para la celulitis<\/strong>&nbsp;se realiza seg\u00fan el grado de afectaci\u00f3n:<\/p>\n\n\n\n<ul class=\"wp-block-list\"><li><strong>Celulitis edematosa:<\/strong>&nbsp;Est\u00e1&nbsp;<strong>localizada sobre todo en las piernas<\/strong>, no es dolorosa ni se asocia a flacidez. Es m\u00e1s frecuente entre las adolescentes debido a los cambios hormonales que sufre su cuerpo.<\/li><li><strong>La celulitis blanda.<\/strong>&nbsp;Suele aparecer ante&nbsp;<strong>la falta de actividad f\u00edsica<\/strong>, como reacci\u00f3n al efecto yo-yo que provocan las p\u00e9rdidas y\/o ganancias de peso r\u00e1pidas, o en quienes practicaron ejercicio intenso hace tiempo, pero que ahora llevan una vida sedentaria.<\/li><li><strong>La celulitis dura<\/strong>. Es la m\u00e1s grave y&nbsp;<strong>problem\u00e1tica, suele cursar con n\u00f3dulos dolorosos<\/strong>&nbsp;e incluso tejido fibroso muy dif\u00edcil de eliminar.<\/li><\/ul>\n\n\n\n<h4 class=\"wp-block-heading\" id=\"cke_1_anchor_3\"><strong>C\u00d3MO ME PUEDE AFECTAR LA CELULITIS<\/strong><\/h4>\n\n\n\n<p class=\"wp-block-paragraph\">Aunque se trata de una afecci\u00f3n benigna, si no se pone remedio de forma precoz nada m\u00e1s observar los primeros signos,&nbsp;<strong>la piel de naranja se convierte en un trastorno cr\u00f3nico<\/strong>&nbsp;dif\u00edcil de eliminar por completo, aunque con constancia algo puede mejorarse.<\/p>\n\n\n\n<p class=\"wp-block-paragraph\">Si aparecen celulitis y&nbsp;varices&nbsp;juntas, el problema pasa de ser puramente est\u00e9tico a&nbsp;<strong>provocar s\u00edntomas desagradables como pesadez en las piernas<\/strong>, hinchaz\u00f3n (sobre todo al final del d\u00eda), hormigueos, sensaci\u00f3n de entumecimiento, cambios de coloraci\u00f3n en la piel e incluso la formaci\u00f3n de \u00falceras que pueden ser dif\u00edciles de tratar.<\/p>\n\n\n\n<h4 class=\"wp-block-heading\" id=\"cke_1_anchor_4\"><strong>TRATAMIENTO DE LA CELULITIS<\/strong><\/h4>\n\n\n\n<p class=\"wp-block-paragraph\">El tratamiento es m\u00e1s efectivo en&nbsp;<strong>las etapas iniciales de la enfermedad<\/strong>, por lo que un diagn\u00f3stico precoz es fundamental.<\/p>\n\n\n\n<p class=\"wp-block-paragraph\">El objetivo es evitar que el problema vaya a m\u00e1s y que la apariencia de la piel mejore.&nbsp;<strong>Son varias las opciones de tratamiento<\/strong>, unas m\u00e1s eficaces que otras, y pueden utilizarse a la vez:<\/p>\n\n\n\n<ul class=\"wp-block-list\"><li><strong>Cremas<\/strong>&nbsp;anticelul\u00edticas.<\/li><li><strong>Duchas fr\u00edas<\/strong>&nbsp;en sentido ascendente desde los tobillos a las ingles.<\/li><li><strong>Las terapias en cabina y los tratamientos m\u00e9dicos<\/strong>&nbsp;como la liposucci\u00f3n, la lipoescultura ultras\u00f3nica, la electrolip\u00f3lisis, la mesoterapia y la terapia con ozono pueden resultar efectivas para acabar, o al menos reducir la celulitis.<\/li><\/ul>\n\n\n\n<p class=\"wp-block-paragraph\">Sin embargo, esta puede volver a aparecer si despu\u00e9s no se mantienen unos cuidados b\u00e1sicos como&nbsp;<strong>evitar el sedentarismo<\/strong>&nbsp;(es b\u00e1sico hacer ejercicio de 3 a 5 d\u00edas a la semana) y&nbsp;<strong>comer de forma equilibrada<\/strong>.<\/p>\n\n\n\n<h4 class=\"wp-block-heading\" id=\"cke_1_anchor_5\"><strong>A TENER EN CUENTA SI SUFRIMOS CELULITIS EN LAS PIERNAS<\/strong><\/h4>\n\n\n\n<ul class=\"wp-block-list\"><li><strong>Los embutidos, las salsas, los l\u00e1cteos enteros y los dulces<\/strong>&nbsp;son los mayores enemigos de esta afecci\u00f3n.<\/li><li><strong>El tabaco es un mal h\u00e1bito<\/strong>&nbsp;que tambi\u00e9n favorece su aparici\u00f3n, al igual que influye negativamente beber alcohol, refrescos y tomar caf\u00e9 en exceso.<\/li><\/ul>\n\n\n\n<p class=\"wp-block-paragraph\">En ocasiones, detr\u00e1s de la celulitis se esconde una enfermedad.&nbsp;<strong>Los problemas de h\u00edgado y ri\u00f1\u00f3n favorecen la acumulaci\u00f3n de toxinas<\/strong>&nbsp;y productos de deshecho, por lo que hay que tenerlo en cuenta como posible causa.<\/p>\n\n\n\n<ul class=\"wp-block-list\"><li><strong>Las prendas ajustadas a las piernas y a la cintura dificultan el retorno venoso<\/strong>, al igual que sucede si se permanece de pie o con las piernas cruzadas durante mucho tiempo, haciendo que la grasa se acumule en las zonas m\u00e1s propensas.<\/li><\/ul>\n\n\n\n<hr class=\"wp-block-separator is-style-wide\"\/>\n\n\n\n<p class=\"wp-block-paragraph\">Tomada de<a href=\"https:\/\/lavozdelaopinion.com\/2020\/07\/30\/celulitis\/\">: www.lavozdelaopinion.com<\/a><\/p>\n","protected":false},"excerpt":{"rendered":"<p>La celulitis es&nbsp;un problema del tejido subcut\u00e1neo que afecta casi al 90% de las mujeres, aunque tambi\u00e9n a algunos hombres. Contrariamente a lo que se piensa,&nbsp;no siempre est\u00e1 asociada a un exceso de peso, en ocasiones es hereditaria, y las personas delgadas pueden sufrirla. Se trata de una enfermedad que afecta a la&nbsp;hipodermis,&nbsp;la capa m\u00e1s [&hellip;]<\/p>\n","protected":false},"author":1,"featured_media":3597,"comment_status":"closed","ping_status":"open","sticky":false,"template":"","format":"standard","meta":{"footnotes":""},"categories":[51],"tags":[80,54,81,126,70,149,83,84,148,150,151,85,86,94],"class_list":["post-3596","post","type-post","status-publish","format-standard","has-post-thumbnail","hentry","category-noticias","tag-cirugia","tag-cirugia-plastica","tag-cirugia-plastica-colombia","tag-cirugia-plastica-medellin-2","tag-cirugia-segura","tag-cirujano-plastico","tag-cirujanos","tag-cirujanos-plasticos","tag-clinica-certificada","tag-clinica-habilitada","tag-clinica-vip","tag-estetica","tag-retoques-esteticos","tag-salud","entry"],"_links":{"self":[{"href":"https:\/\/cirucredito.com\/noticias\/wp-json\/wp\/v2\/posts\/3596","targetHints":{"allow":["GET"]}}],"collection":[{"href":"https:\/\/cirucredito.com\/noticias\/wp-json\/wp\/v2\/posts"}],"about":[{"href":"https:\/\/cirucredito.com\/noticias\/wp-json\/wp\/v2\/types\/post"}],"author":[{"embeddable":true,"href":"https:\/\/cirucredito.com\/noticias\/wp-json\/wp\/v2\/users\/1"}],"replies":[{"embeddable":true,"href":"https:\/\/cirucredito.com\/noticias\/wp-json\/wp\/v2\/comments?post=3596"}],"version-history":[{"count":1,"href":"https:\/\/cirucredito.com\/noticias\/wp-json\/wp\/v2\/posts\/3596\/revisions"}],"predecessor-version":[{"id":3598,"href":"https:\/\/cirucredito.com\/noticias\/wp-json\/wp\/v2\/posts\/3596\/revisions\/3598"}],"wp:featuredmedia":[{"embeddable":true,"href":"https:\/\/cirucredito.com\/noticias\/wp-json\/wp\/v2\/media\/3597"}],"wp:attachment":[{"href":"https:\/\/cirucredito.com\/noticias\/wp-json\/wp\/v2\/media?parent=3596"}],"wp:term":[{"taxonomy":"category","embeddable":true,"href":"https:\/\/cirucredito.com\/noticias\/wp-json\/wp\/v2\/categories?post=3596"},{"taxonomy":"post_tag","embeddable":true,"href":"https:\/\/cirucredito.com\/noticias\/wp-json\/wp\/v2\/tags?post=3596"}],"curies":[{"name":"wp","href":"https:\/\/api.w.org\/{rel}","templated":true}]}}