{"id":3446,"date":"2020-04-06T22:20:02","date_gmt":"2020-04-06T22:20:02","guid":{"rendered":"https:\/\/cirucredito.com\/?p=3446"},"modified":"2020-04-06T22:20:02","modified_gmt":"2020-04-06T22:20:02","slug":"que-tan-efectivo-es-el-tratamiento-con-laser-para-eliminar-el-acne-y-sus-cicatrices","status":"publish","type":"post","link":"https:\/\/cirucredito.com\/noticias\/2020\/04\/06\/que-tan-efectivo-es-el-tratamiento-con-laser-para-eliminar-el-acne-y-sus-cicatrices\/","title":{"rendered":"\u00bfQu\u00e9 tan efectivo es el tratamiento con l\u00e1ser para eliminar el acn\u00e9 y sus cicatrices?"},"content":{"rendered":"\n<blockquote class=\"wp-block-quote is-layout-flow wp-block-quote-is-layout-flow\"><p><em><strong>El acn\u00e9 es la mayor pesadilla de adolescentes y j\u00f3venes, puesto que afecta la autoestima, la seguridad y el aspecto f\u00edsico de las personas que la padecen, por lo que muchos se llegan a sentir excluidos socialmente por las marcas que causa.<\/strong><\/em><\/p><\/blockquote>\n\n\n\n<p class=\"wp-block-paragraph\">Seg\u00fan la Cl\u00ednica&nbsp;<em>Le Ciel<\/em>&nbsp;de Santiago de Chile, esta infecci\u00f3n en la piel se debe a un exceso en la producci\u00f3n de andr\u00f3genos y hormonas que estimulan las gl\u00e1ndulas seb\u00e1ceas, haciendo que aumenten de tama\u00f1o e incrementen la producci\u00f3n de sebo. Este aumento de grasa, junto con las c\u00e9lulas muertas, bloquean los fol\u00edculos pilosos y las gl\u00e1ndulas seb\u00e1ceas produciendo los t\u00edpicos granos y espinillas.<\/p>\n\n\n\n<p class=\"wp-block-paragraph\">Este en muchas de las ocasiones, deja manchas y cicatrices profundas en las personas que padecieron esta enfermedad, debido a esto y gracias a los&nbsp;avances de la ciencia,&nbsp;se ha creado una novedosa forma de eliminar estas molestas marcas de la piel. Se trata del l\u00e1ser fraccionado,&nbsp;el cual permite una&nbsp;renovaci\u00f3n cut\u00e1nea incre\u00edble sin necesidad de incapacidad, cirug\u00eda ni anestesia.<\/p>\n\n\n\n<p class=\"wp-block-paragraph\">Como lo explica la&nbsp;<em>Cl\u00ednica L\u00e1ser<\/em>&nbsp;de la ciudad de Medell\u00edn, este tipo de&nbsp;l\u00e1ser fraccionado&nbsp;ha revolucionado los tratamientos de las&nbsp;cicatrices del acn\u00e9&nbsp;dejando unos resultados incre\u00edbles; ya que esta tecnolog\u00eda produce una contracci\u00f3n del col\u00e1geno a gran escala, lo que conlleva a la disminuci\u00f3n sustancial en la profundidad de las cicatrices del acn\u00e9 y mejorando su aspecto.<\/p>\n\n\n\n<p class=\"wp-block-paragraph\">Durante el tratamiento, el l\u00e1ser penetra la profundidad exacta de la piel que se selecciona, combatiendo la bacteria del acn\u00e9 y disminuyendo la inflamaci\u00f3n, a su vez, estimula la producci\u00f3n de nuevo col\u00e1geno y favorece la cicatrizaci\u00f3n; con lo que se consigue regenerar y mejorar la textura de la piel a largo plazo.<\/p>\n\n\n\n<p class=\"wp-block-paragraph\">Entre algunos de los beneficios de este tratamiento son:<\/p>\n\n\n\n<ul class=\"wp-block-list\"><li>El tratamiento con l\u00e1ser para el acn\u00e9 puede ser un complemento de lo recetado por el dermat\u00f3logo, ya que ayuda a evitar los brotes frecuentes y ayuda a prevenir la formaci\u00f3n de nuevos comedones.<\/li><li>El efecto t\u00e9rmico que el l\u00e1ser ejerce sobre la epidermis, permite destruir y\/o disminuir las gl\u00e1ndulas seb\u00e1ceas secretoras de sebo; lo cual mantiene los poros m\u00e1s limpios y previene la formaci\u00f3n de nuevos granos.<\/li><\/ul>\n\n\n\n<hr class=\"wp-block-separator\"\/>\n\n\n\n<p class=\"wp-block-paragraph\"><strong><em>Tomado de:<\/em><\/strong>&nbsp;www.saludyestetica.com.co<\/p>\n","protected":false},"excerpt":{"rendered":"<p>El acn\u00e9 es la mayor pesadilla de adolescentes y j\u00f3venes, puesto que afecta la autoestima, la seguridad y el aspecto f\u00edsico de las personas que la padecen, por lo que muchos se llegan a sentir excluidos socialmente por las marcas que causa. Seg\u00fan la Cl\u00ednica&nbsp;Le Ciel&nbsp;de Santiago de Chile, esta infecci\u00f3n en la piel se [&hellip;]<\/p>\n","protected":false},"author":1,"featured_media":3447,"comment_status":"open","ping_status":"open","sticky":false,"template":"","format":"standard","meta":{"footnotes":""},"categories":[51],"tags":[53,73,54,81,45,70,41,71,64,97,55,98],"class_list":["post-3446","post","type-post","status-publish","format-standard","has-post-thumbnail","hentry","category-noticias","tag-cirucredito","tag-cirugia-estetica","tag-cirugia-plastica","tag-cirugia-plastica-colombia","tag-cirugia-plastica-medellin","tag-cirugia-segura","tag-cirujano-daniel-andres-correa-posada","tag-clinicas-que-financian-cirugia-plastica-en-medellin","tag-credito","tag-credito-cirugia-plastica","tag-financiacion","tag-financiacion-cirugia-plastica","entry"],"_links":{"self":[{"href":"https:\/\/cirucredito.com\/noticias\/wp-json\/wp\/v2\/posts\/3446","targetHints":{"allow":["GET"]}}],"collection":[{"href":"https:\/\/cirucredito.com\/noticias\/wp-json\/wp\/v2\/posts"}],"about":[{"href":"https:\/\/cirucredito.com\/noticias\/wp-json\/wp\/v2\/types\/post"}],"author":[{"embeddable":true,"href":"https:\/\/cirucredito.com\/noticias\/wp-json\/wp\/v2\/users\/1"}],"replies":[{"embeddable":true,"href":"https:\/\/cirucredito.com\/noticias\/wp-json\/wp\/v2\/comments?post=3446"}],"version-history":[{"count":0,"href":"https:\/\/cirucredito.com\/noticias\/wp-json\/wp\/v2\/posts\/3446\/revisions"}],"wp:featuredmedia":[{"embeddable":true,"href":"https:\/\/cirucredito.com\/noticias\/wp-json\/wp\/v2\/media\/3447"}],"wp:attachment":[{"href":"https:\/\/cirucredito.com\/noticias\/wp-json\/wp\/v2\/media?parent=3446"}],"wp:term":[{"taxonomy":"category","embeddable":true,"href":"https:\/\/cirucredito.com\/noticias\/wp-json\/wp\/v2\/categories?post=3446"},{"taxonomy":"post_tag","embeddable":true,"href":"https:\/\/cirucredito.com\/noticias\/wp-json\/wp\/v2\/tags?post=3446"}],"curies":[{"name":"wp","href":"https:\/\/api.w.org\/{rel}","templated":true}]}}